{"id":12966,"date":"2023-06-09T14:14:05","date_gmt":"2023-06-09T18:14:05","guid":{"rendered":"https:\/\/www.inaf.ulaval.ca\/?p=12966"},"modified":"2023-06-09T14:14:05","modified_gmt":"2023-06-09T18:14:05","slug":"journee-amelioration-alimentaire-quebec-aaq","status":"publish","type":"post","link":"https:\/\/www.inaf.ulaval.ca\/en\/actualites\/journee-amelioration-alimentaire-quebec-aaq\/","title":{"rendered":"Journ\u00e9e Am\u00e9lioration alimentaire Qu\u00e9bec ( AAQ)"},"content":{"rendered":"<p>Am\u00e9lioration alimentaire Qu\u00e9bec vise \u00e0 proposer des solutions concr\u00e8tes aux industriels bioalimentaires afin d&#8217;appuyer le d\u00e9veloppement d\u2019une offre alimentaire am\u00e9lior\u00e9e, particuli\u00e8rement pour augmenter les fibres et r\u00e9duire le sodium, le sucre et les gras satur\u00e9s.<\/p>\n<p>Le 1er juin fut la journ\u00e9e de lancement de la d\u00e9marche AAQ d\u00e9di\u00e9e aux acteurs de la communaut\u00e9 qui pilotent l&#8217;offre alimentaire de demain.<\/p>\n<p><img loading=\"lazy\" decoding=\"async\" class=\"alignnone wp-image-12999\" src=\"https:\/\/www.inaf.ulaval.ca\/wp-content\/uploads\/2023\/06\/Journee-CTAQ-2-1-300x199.jpg\" alt=\"\" width=\"427\" height=\"283\" srcset=\"https:\/\/www.inaf.ulaval.ca\/wp-content\/uploads\/2023\/06\/Journee-CTAQ-2-1-300x199.jpg 300w, https:\/\/www.inaf.ulaval.ca\/wp-content\/uploads\/2023\/06\/Journee-CTAQ-2-1-768x510.jpg 768w, https:\/\/www.inaf.ulaval.ca\/wp-content\/uploads\/2023\/06\/Journee-CTAQ-2-1.jpg 800w\" sizes=\"(max-width: 427px) 100vw, 427px\" \/><\/p>\n<p>Deux \u00e9quipes de l&#8217;INAF ont \u00e9t\u00e9 particuli\u00e8rement \u00e0 l\u2019honneur lors de cette journ\u00e9e de dialogue. Le Service\u00a0de\u00a0soutien\u00a0\u00e0 l&#8217;innovation (SSI) a contribu\u00e9 \u00e0 l\u2019\u00e9laboration des parcours d\u2019am\u00e9lioration avec la collaboration de <a href=\"https:\/\/www.cintech.ca\/cintech\/a-propos\/\">Cintech<\/a> et l&#8217;Universit\u00e9 McGill. Quant \u00e0 lui, l\u2019<a href=\"https:\/\/offrealimentaire.ca\/\">Observatoire de la qualit\u00e9 de l\u2019offre alimentaire<\/a> a pr\u00e9sent\u00e9 son innovation personnalis\u00e9e pour soutenir les industriels dans leurs efforts d\u2019am\u00e9lioration, le calculateur nutritionnel.<\/p>\n<p>L\u2019INAF est \u00a0fier de collaborer \u00e0 trouver des solutions concr\u00e8tes aux enjeux de l\u2019alimentation durable dans ce contexte partenarial stimulant.<\/p>\n","protected":false},"excerpt":{"rendered":"<p>Une initiative\u00a0lanc\u00e9e par le MAPAQ, propuls\u00e9e par le CTAQ et \u00e0 laquelle l\u2019INAF collabore \u00e9troitement!<\/p>\n","protected":false},"author":1,"featured_media":12969,"comment_status":"open","ping_status":"open","sticky":false,"template":"","format":"standard","meta":{"_acf_changed":false,"footnotes":""},"categories":[1],"tags":[],"class_list":["post-12966","post","type-post","status-publish","format-standard","has-post-thumbnail","hentry","category-nouvelles"],"acf":[],"yoast_head":"<!-- This site is optimized with the Yoast SEO plugin v23.4 - https:\/\/yoast.com\/wordpress\/plugins\/seo\/ -->\n<title>Journ\u00e9e Am\u00e9lioration alimentaire Qu\u00e9bec ( AAQ) - Actualit\u00e9s \u00e0 l&#039;INAF<\/title>\n<meta name=\"robots\" content=\"index, follow, max-snippet:-1, max-image-preview:large, max-video-preview:-1\" \/>\n<link rel=\"canonical\" href=\"https:\/\/www.inaf.ulaval.ca\/actualites\/journee-amelioration-alimentaire-quebec-aaq\/\" \/>\n<meta property=\"og:locale\" content=\"en_US\" \/>\n<meta property=\"og:type\" content=\"article\" \/>\n<meta property=\"og:title\" content=\"Journ\u00e9e Am\u00e9lioration alimentaire Qu\u00e9bec ( AAQ) - Actualit\u00e9s \u00e0 l&#039;INAF\" \/>\n<meta property=\"og:description\" content=\"Une initiative\u00a0lanc\u00e9e par le MAPAQ, propuls\u00e9e par le CTAQ et \u00e0 laquelle l\u2019INAF collabore \u00e9troitement!\" \/>\n<meta property=\"og:url\" content=\"https:\/\/www.inaf.ulaval.ca\/actualites\/journee-amelioration-alimentaire-quebec-aaq\/\" \/>\n<meta property=\"og:site_name\" content=\"INAF - Institute of Nutrition and Functional Foods\" \/>\n<meta property=\"article:published_time\" content=\"2023-06-09T18:14:05+00:00\" \/>\n<meta property=\"og:image\" content=\"https:\/\/www.inaf.ulaval.ca\/wp-content\/uploads\/2023\/06\/journee-AAQ.jpg\" \/>\n\t<meta property=\"og:image:width\" content=\"1979\" \/>\n\t<meta property=\"og:image:height\" content=\"1187\" \/>\n\t<meta property=\"og:image:type\" content=\"image\/jpeg\" \/>\n<meta name=\"author\" content=\"totemweb\" \/>\n<meta name=\"twitter:card\" content=\"summary_large_image\" \/>\n<meta name=\"twitter:label1\" content=\"Written by\" \/>\n\t<meta name=\"twitter:data1\" content=\"totemweb\" \/>\n\t<meta name=\"twitter:label2\" content=\"Est. reading time\" \/>\n\t<meta name=\"twitter:data2\" content=\"1 minute\" \/>\n<script type=\"application\/ld+json\" class=\"yoast-schema-graph\">{\"@context\":\"https:\/\/schema.org\",\"@graph\":[{\"@type\":\"WebPage\",\"@id\":\"https:\/\/www.inaf.ulaval.ca\/actualites\/journee-amelioration-alimentaire-quebec-aaq\/\",\"url\":\"https:\/\/www.inaf.ulaval.ca\/actualites\/journee-amelioration-alimentaire-quebec-aaq\/\",\"name\":\"Journ\u00e9e Am\u00e9lioration alimentaire Qu\u00e9bec ( AAQ) - Actualit\u00e9s \u00e0 l'INAF\",\"isPartOf\":{\"@id\":\"https:\/\/www.inaf.ulaval.ca\/#website\"},\"primaryImageOfPage\":{\"@id\":\"https:\/\/www.inaf.ulaval.ca\/actualites\/journee-amelioration-alimentaire-quebec-aaq\/#primaryimage\"},\"image\":{\"@id\":\"https:\/\/www.inaf.ulaval.ca\/actualites\/journee-amelioration-alimentaire-quebec-aaq\/#primaryimage\"},\"thumbnailUrl\":\"https:\/\/www.inaf.ulaval.ca\/wp-content\/uploads\/2023\/06\/journee-AAQ.jpg\",\"datePublished\":\"2023-06-09T18:14:05+00:00\",\"dateModified\":\"2023-06-09T18:14:05+00:00\",\"author\":{\"@id\":\"https:\/\/www.inaf.ulaval.ca\/#\/schema\/person\/bf1ebbea7352556a8b654df83e8213d9\"},\"breadcrumb\":{\"@id\":\"https:\/\/www.inaf.ulaval.ca\/actualites\/journee-amelioration-alimentaire-quebec-aaq\/#breadcrumb\"},\"inLanguage\":\"en-US\",\"potentialAction\":[{\"@type\":\"ReadAction\",\"target\":[\"https:\/\/www.inaf.ulaval.ca\/actualites\/journee-amelioration-alimentaire-quebec-aaq\/\"]}]},{\"@type\":\"ImageObject\",\"inLanguage\":\"en-US\",\"@id\":\"https:\/\/www.inaf.ulaval.ca\/actualites\/journee-amelioration-alimentaire-quebec-aaq\/#primaryimage\",\"url\":\"https:\/\/www.inaf.ulaval.ca\/wp-content\/uploads\/2023\/06\/journee-AAQ.jpg\",\"contentUrl\":\"https:\/\/www.inaf.ulaval.ca\/wp-content\/uploads\/2023\/06\/journee-AAQ.jpg\",\"width\":1979,\"height\":1187},{\"@type\":\"BreadcrumbList\",\"@id\":\"https:\/\/www.inaf.ulaval.ca\/actualites\/journee-amelioration-alimentaire-quebec-aaq\/#breadcrumb\",\"itemListElement\":[{\"@type\":\"ListItem\",\"position\":1,\"name\":\"Accueil\",\"item\":\"https:\/\/www.inaf.ulaval.ca\/en\/\"},{\"@type\":\"ListItem\",\"position\":2,\"name\":\"Journ\u00e9e Am\u00e9lioration alimentaire Qu\u00e9bec ( AAQ)\"}]},{\"@type\":\"WebSite\",\"@id\":\"https:\/\/www.inaf.ulaval.ca\/#website\",\"url\":\"https:\/\/www.inaf.ulaval.ca\/\",\"name\":\"INAF - Institute of Nutrition and Functional Foods\",\"description\":\"Institute of Nutrition and Functional Foods\",\"potentialAction\":[{\"@type\":\"SearchAction\",\"target\":{\"@type\":\"EntryPoint\",\"urlTemplate\":\"https:\/\/www.inaf.ulaval.ca\/?s={search_term_string}\"},\"query-input\":{\"@type\":\"PropertyValueSpecification\",\"valueRequired\":true,\"valueName\":\"search_term_string\"}}],\"inLanguage\":\"en-US\"},{\"@type\":\"Person\",\"@id\":\"https:\/\/www.inaf.ulaval.ca\/#\/schema\/person\/bf1ebbea7352556a8b654df83e8213d9\",\"name\":\"totemweb\",\"sameAs\":[\"https:\/\/www.inaf.ulaval.ca\"]}]}<\/script>\n<!-- \/ Yoast SEO plugin. -->","yoast_head_json":{"title":"Journ\u00e9e Am\u00e9lioration alimentaire Qu\u00e9bec ( AAQ) - Actualit\u00e9s \u00e0 l'INAF","robots":{"index":"index","follow":"follow","max-snippet":"max-snippet:-1","max-image-preview":"max-image-preview:large","max-video-preview":"max-video-preview:-1"},"canonical":"https:\/\/www.inaf.ulaval.ca\/actualites\/journee-amelioration-alimentaire-quebec-aaq\/","og_locale":"en_US","og_type":"article","og_title":"Journ\u00e9e Am\u00e9lioration alimentaire Qu\u00e9bec ( AAQ) - Actualit\u00e9s \u00e0 l'INAF","og_description":"Une initiative\u00a0lanc\u00e9e par le MAPAQ, propuls\u00e9e par le CTAQ et \u00e0 laquelle l\u2019INAF collabore \u00e9troitement!","og_url":"https:\/\/www.inaf.ulaval.ca\/actualites\/journee-amelioration-alimentaire-quebec-aaq\/","og_site_name":"INAF - Institute of Nutrition and Functional Foods","article_published_time":"2023-06-09T18:14:05+00:00","og_image":[{"width":1979,"height":1187,"url":"https:\/\/www.inaf.ulaval.ca\/wp-content\/uploads\/2023\/06\/journee-AAQ.jpg","type":"image\/jpeg"}],"author":"totemweb","twitter_card":"summary_large_image","twitter_misc":{"Written by":"totemweb","Est. reading time":"1 minute"},"schema":{"@context":"https:\/\/schema.org","@graph":[{"@type":"WebPage","@id":"https:\/\/www.inaf.ulaval.ca\/actualites\/journee-amelioration-alimentaire-quebec-aaq\/","url":"https:\/\/www.inaf.ulaval.ca\/actualites\/journee-amelioration-alimentaire-quebec-aaq\/","name":"Journ\u00e9e Am\u00e9lioration alimentaire Qu\u00e9bec ( AAQ) - Actualit\u00e9s \u00e0 l'INAF","isPartOf":{"@id":"https:\/\/www.inaf.ulaval.ca\/#website"},"primaryImageOfPage":{"@id":"https:\/\/www.inaf.ulaval.ca\/actualites\/journee-amelioration-alimentaire-quebec-aaq\/#primaryimage"},"image":{"@id":"https:\/\/www.inaf.ulaval.ca\/actualites\/journee-amelioration-alimentaire-quebec-aaq\/#primaryimage"},"thumbnailUrl":"https:\/\/www.inaf.ulaval.ca\/wp-content\/uploads\/2023\/06\/journee-AAQ.jpg","datePublished":"2023-06-09T18:14:05+00:00","dateModified":"2023-06-09T18:14:05+00:00","author":{"@id":"https:\/\/www.inaf.ulaval.ca\/#\/schema\/person\/bf1ebbea7352556a8b654df83e8213d9"},"breadcrumb":{"@id":"https:\/\/www.inaf.ulaval.ca\/actualites\/journee-amelioration-alimentaire-quebec-aaq\/#breadcrumb"},"inLanguage":"en-US","potentialAction":[{"@type":"ReadAction","target":["https:\/\/www.inaf.ulaval.ca\/actualites\/journee-amelioration-alimentaire-quebec-aaq\/"]}]},{"@type":"ImageObject","inLanguage":"en-US","@id":"https:\/\/www.inaf.ulaval.ca\/actualites\/journee-amelioration-alimentaire-quebec-aaq\/#primaryimage","url":"https:\/\/www.inaf.ulaval.ca\/wp-content\/uploads\/2023\/06\/journee-AAQ.jpg","contentUrl":"https:\/\/www.inaf.ulaval.ca\/wp-content\/uploads\/2023\/06\/journee-AAQ.jpg","width":1979,"height":1187},{"@type":"BreadcrumbList","@id":"https:\/\/www.inaf.ulaval.ca\/actualites\/journee-amelioration-alimentaire-quebec-aaq\/#breadcrumb","itemListElement":[{"@type":"ListItem","position":1,"name":"Accueil","item":"https:\/\/www.inaf.ulaval.ca\/en\/"},{"@type":"ListItem","position":2,"name":"Journ\u00e9e Am\u00e9lioration alimentaire Qu\u00e9bec ( AAQ)"}]},{"@type":"WebSite","@id":"https:\/\/www.inaf.ulaval.ca\/#website","url":"https:\/\/www.inaf.ulaval.ca\/","name":"INAF - Institute of Nutrition and Functional Foods","description":"Institute of Nutrition and Functional Foods","potentialAction":[{"@type":"SearchAction","target":{"@type":"EntryPoint","urlTemplate":"https:\/\/www.inaf.ulaval.ca\/?s={search_term_string}"},"query-input":{"@type":"PropertyValueSpecification","valueRequired":true,"valueName":"search_term_string"}}],"inLanguage":"en-US"},{"@type":"Person","@id":"https:\/\/www.inaf.ulaval.ca\/#\/schema\/person\/bf1ebbea7352556a8b654df83e8213d9","name":"totemweb","sameAs":["https:\/\/www.inaf.ulaval.ca"]}]}},"_links":{"self":[{"href":"https:\/\/www.inaf.ulaval.ca\/en\/wp-json\/wp\/v2\/posts\/12966"}],"collection":[{"href":"https:\/\/www.inaf.ulaval.ca\/en\/wp-json\/wp\/v2\/posts"}],"about":[{"href":"https:\/\/www.inaf.ulaval.ca\/en\/wp-json\/wp\/v2\/types\/post"}],"author":[{"embeddable":true,"href":"https:\/\/www.inaf.ulaval.ca\/en\/wp-json\/wp\/v2\/users\/1"}],"replies":[{"embeddable":true,"href":"https:\/\/www.inaf.ulaval.ca\/en\/wp-json\/wp\/v2\/comments?post=12966"}],"version-history":[{"count":5,"href":"https:\/\/www.inaf.ulaval.ca\/en\/wp-json\/wp\/v2\/posts\/12966\/revisions"}],"predecessor-version":[{"id":13045,"href":"https:\/\/www.inaf.ulaval.ca\/en\/wp-json\/wp\/v2\/posts\/12966\/revisions\/13045"}],"wp:featuredmedia":[{"embeddable":true,"href":"https:\/\/www.inaf.ulaval.ca\/en\/wp-json\/wp\/v2\/media\/12969"}],"wp:attachment":[{"href":"https:\/\/www.inaf.ulaval.ca\/en\/wp-json\/wp\/v2\/media?parent=12966"}],"wp:term":[{"taxonomy":"category","embeddable":true,"href":"https:\/\/www.inaf.ulaval.ca\/en\/wp-json\/wp\/v2\/categories?post=12966"},{"taxonomy":"post_tag","embeddable":true,"href":"https:\/\/www.inaf.ulaval.ca\/en\/wp-json\/wp\/v2\/tags?post=12966"}],"curies":[{"name":"wp","href":"https:\/\/api.w.org\/{rel}","templated":true}]}}